{"id":3092,"date":"2026-08-28T12:34:14","date_gmt":"2026-08-28T10:34:14","guid":{"rendered":"https:\/\/5milimetros.com\/mesa-de-cabeceira-como-escolher\/"},"modified":"2026-08-28T14:07:35","modified_gmt":"2026-08-28T12:07:35","slug":"mesa-de-cabeceira-como-escolher","status":"publish","type":"post","link":"https:\/\/5milimetros.com\/pt-pt\/mesa-de-cabeceira-como-escolher\/","title":{"rendered":"Mesa de cabeceira: como escolher a altura, a medida e o material"},"content":{"rendered":"<article lang=\"pt-PT\">Uma mesa de cabeceira tem de cumprir tr\u00eas condi\u00e7\u00f5es: ficar \u00e0 altura do colch\u00e3o, caber no espa\u00e7o livre ao lado da cama e aguentar o uso de todas as noites. Quando falha a primeira, o candeeiro e o telem\u00f3vel ficam fora de alcance; quando falha a segunda, a mesa estorva a passagem.<\/p>\n<p>Este guia explica como acertar nas tr\u00eas \u2014 altura, medida e material \u2014 e apresenta a nossa mesa de cabeceira Sevilla, em ferro forjado com tampo de vidro, fabricada para quartos onde uma mesa com gavetas n\u00e3o entra.<\/p>\n<section aria-labelledby=\"h-altura\">\n<h2 id=\"h-altura\">A altura certa: ao n\u00edvel do colch\u00e3o<\/h2>\n<p>A regra \u00e9 simples: o tampo deve ficar ao n\u00edvel do colch\u00e3o ou ligeiramente acima. Assim alcan\u00e7a o candeeiro, o livro ou o telem\u00f3vel sem se levantar nem esticar o bra\u00e7o.<\/p>\n<p>Na maioria das camas, o colch\u00e3o fica entre 50 e 65 cm do ch\u00e3o. A mesa Sevilla mede <strong>60 cm de altura<\/strong>, dentro dessa faixa, e por isso funciona com estrados e colch\u00f5es correntes sem ajustes.<\/p>\n<\/section>\n<section aria-labelledby=\"h-espaco\">\n<h2 id=\"h-espaco\">Quartos pequenos: o di\u00e2metro importa<\/h2>\n<p>Antes de escolher, me\u00e7a o espa\u00e7o livre entre a cama e a parede ou a porta. Uma mesa de cabeceira com gavetas ocupa normalmente 40 a 50 cm de largura, mais o espa\u00e7o para abrir os puxadores.<\/p>\n<p>A Sevilla resolve esse problema com <strong>38 cm de di\u00e2metro<\/strong> e uma estrutura aberta de tr\u00eas p\u00e9s, que deixa passar a luz e mant\u00e9m uma leitura leve do espa\u00e7o. Cabe junto \u00e0 cama onde uma mesa convencional n\u00e3o entra, sem renunciar a uma superf\u00edcie de apoio firme.<\/p>\n<\/section>\n<section aria-labelledby=\"h-material\">\n<h2 id=\"h-material\">Ferro forjado e vidro: dur\u00e1veis e f\u00e1ceis de limpar<\/h2>\n<p>O <strong>ferro forjado<\/strong> aguenta o uso di\u00e1rio durante d\u00e9cadas sem folgas nem desgaste vis\u00edvel. O acabamento de <strong>pintura com secagem ao forno<\/strong> fixa a cor ao metal e protege a estrutura ao longo do tempo.<\/p>\n<p>O <strong>tampo de vidro<\/strong>, encaixado num aro de ferro, limpa-se com um pano e n\u00e3o acumula manchas nem odores. \u00c9 uma combina\u00e7\u00e3o pensada para durar sem manuten\u00e7\u00e3o.<\/p>\n<\/section>\n<section aria-labelledby=\"h-estilo\">\n<h2 id=\"h-estilo\">Combinar com a cabeceira e o resto do quarto<\/h2>\n<p>A forma mais segura de compor o quarto \u00e9 repetir o material: uma mesa de ferro forjado combina de forma natural com as <a href=\"https:\/\/5milimetros.com\/pt-pt\/cabeceiras-de-cama-ferro-forjado\/\">cabeceiras de cama em ferro forjado<\/a>, na mesma cor ou num contraste simples.<\/p>\n<p>Nas cores, a Sevilla existe em <strong>branco<\/strong>, <strong>marfim<\/strong> e <strong>preto<\/strong>. O branco e o marfim iluminam quartos pequenos; o preto marca presen\u00e7a em quartos de ar mais s\u00f3brio. Tamb\u00e9m acompanha bem uma <a href=\"https:\/\/5milimetros.com\/pt-pt\/cabeceiras-de-cama-em-latao\/\">cabeceira de lat\u00e3o<\/a>, sobretudo nas vers\u00f5es claras.<\/p>\n<\/section>\n<section aria-labelledby=\"h-modelos\">\n<h2 id=\"h-modelos\">A nossa mesa de cabeceira em ferro forjado<\/h2>\n<p>Fabricamos a mesa de cabeceira Sevilla de forma artesanal, com estrutura de tr\u00eas p\u00e9s que se abrem na base para ganhar estabilidade.<\/p>\n<div style=\"display: flex; flex-wrap: wrap; gap: 1rem; justify-content: center; margin: 1rem 0;\">\n<figure style=\"flex: 0 1 200px; max-width: 200px; margin: 0; text-align: center;\"><a href=\"https:\/\/5milimetros.com\/pt-pt\/mesa-de-cabeceira-sevilla\/\"><img decoding=\"async\" style=\"display: block; width: 100%; height: auto; border-radius: 6px;\" src=\"https:\/\/5milimetros.com\/wp-content\/uploads\/2026\/08\/mesita_velador_Sevilla_marfil.jpg\" alt=\"Mesa de cabeceira em ferro forjado Sevilla em marfim\" \/><\/a><figcaption class=\"wp-element-caption\" style=\"font-size: .85em; color: #6b6258; margin-top: .3rem;\">Mesa Sevilla em marfim<\/figcaption><\/figure>\n<figure style=\"flex: 0 1 200px; max-width: 200px; margin: 0; text-align: center;\"><a href=\"https:\/\/5milimetros.com\/pt-pt\/mesa-de-cabeceira-sevilla\/\"><img decoding=\"async\" style=\"display: block; width: 100%; height: auto; border-radius: 6px;\" src=\"https:\/\/5milimetros.com\/wp-content\/uploads\/2026\/08\/ambiente_decoracion_Sevilla.jpg\" alt=\"Quarto com cabeceira de ferro forjado e mesa de cabeceira Sevilla\" \/><\/a><figcaption class=\"wp-element-caption\" style=\"font-size: .85em; color: #6b6258; margin-top: .3rem;\">Conjunto de quarto Sevilla<\/figcaption><\/figure>\n<\/div>\n<figure class=\"wp-block-table\" style=\"overflow-x: auto; margin: 1.5rem 0;\">\n<table style=\"width: 100%; border-collapse: collapse;\">\n<caption style=\"caption-side: top; text-align: left; font-weight: bold; margin-bottom: .5rem;\">Tipo, medidas, acabamento, pre\u00e7o e cores da mesa de cabeceira Sevilla<\/caption>\n<thead>\n<tr>\n<th style=\"background: #1F1B16; color: #ffffff; text-align: left; padding: .55rem .7rem; border: 1px solid #1F1B16;\" scope=\"col\">Modelo<\/th>\n<th style=\"background: #1F1B16; color: #ffffff; text-align: left; padding: .55rem .7rem; border: 1px solid #1F1B16;\" scope=\"col\">Tipo<\/th>\n<th style=\"background: #1F1B16; color: #ffffff; text-align: left; padding: .55rem .7rem; border: 1px solid #1F1B16;\" scope=\"col\">Medidas<\/th>\n<th style=\"background: #1F1B16; color: #ffffff; text-align: left; padding: .55rem .7rem; border: 1px solid #1F1B16;\" scope=\"col\">Acabamento<\/th>\n<th style=\"background: #1F1B16; color: #ffffff; text-align: left; padding: .55rem .7rem; border: 1px solid #1F1B16;\" scope=\"col\">Pre\u00e7o desde*<\/th>\n<th style=\"background: #1F1B16; color: #ffffff; text-align: left; padding: .55rem .7rem; border: 1px solid #1F1B16;\" scope=\"col\">Cores<\/th>\n<\/tr>\n<\/thead>\n<tbody>\n<tr>\n<th style=\"padding: .55rem .7rem; border: 1px solid #E2D9C9; vertical-align: top; text-align: left;\" scope=\"row\"><a href=\"https:\/\/5milimetros.com\/pt-pt\/mesa-de-cabeceira-sevilla\/\">Sevilla<\/a><\/th>\n<td style=\"padding: .55rem .7rem; border: 1px solid #E2D9C9; vertical-align: top;\">Mesa de cabeceira<\/td>\n<td style=\"padding: .55rem .7rem; border: 1px solid #E2D9C9; vertical-align: top;\">\u00d8 38 cm \u00b7 alto 60 cm<\/td>\n<td style=\"padding: .55rem .7rem; border: 1px solid #E2D9C9; vertical-align: top;\">Ferro forjado, pintura com secagem ao forno, tampo de vidro<\/td>\n<td style=\"padding: .55rem .7rem; border: 1px solid #E2D9C9; vertical-align: top;\">110 \u20ac<\/td>\n<td style=\"padding: .55rem .7rem; border: 1px solid #E2D9C9; vertical-align: top;\">Branco, marfim, preto<\/td>\n<\/tr>\n<\/tbody>\n<\/table>\n<\/figure>\n<p style=\"font-size: .9em; color: #6b6258; margin-top: -.5rem;\">*Pre\u00e7os orientativos \u00e0 data de publica\u00e7\u00e3o deste artigo. Para o pre\u00e7o e a disponibilidade atuais, consulte a ficha de produto.<\/p>\n<\/section>\n<section aria-labelledby=\"h-faq\">\n<h2 id=\"h-faq\">Perguntas frequentes sobre mesas de cabeceira<\/h2>\n<div>\n<h3>Qual deve ser a altura de uma mesa de cabeceira?<\/h3>\n<div>\n<div>\n<p>Ao n\u00edvel do colch\u00e3o ou ligeiramente acima, para alcan\u00e7ar o candeeiro ou o telem\u00f3vel sem esfor\u00e7o. A mesa Sevilla mede 60 cm de altura, dentro da faixa das camas correntes.<\/p>\n<\/div>\n<\/div>\n<\/div>\n<div>\n<h3>Uma mesa de cabeceira redonda cabe num quarto pequeno?<\/h3>\n<div>\n<div>\n<p>Sim, e costuma ser a melhor op\u00e7\u00e3o. Com 38 cm de di\u00e2metro e estrutura aberta, a Sevilla cabe junto \u00e0 cama onde uma mesa com gavetas n\u00e3o entra, e deixa passar a luz.<\/p>\n<\/div>\n<\/div>\n<\/div>\n<div>\n<h3>O tampo de vidro \u00e9 pr\u00e1tico no dia a dia?<\/h3>\n<div>\n<div>\n<p>Sim. O vidro est\u00e1 encaixado num aro de ferro, limpa-se com um pano e n\u00e3o acumula manchas. A estrutura de tr\u00eas p\u00e9s abre-se na base para dar estabilidade ao conjunto.<\/p>\n<\/div>\n<\/div>\n<\/div>\n<div>\n<h3>Posso usar a mesa fora do quarto?<\/h3>\n<div>\n<div>\n<p>Sim. Pelo seu formato, tamb\u00e9m funciona como mesa de apoio num canto de leitura, numa entrada ou numa varanda coberta, gra\u00e7as ao acabamento de pintura com secagem ao forno.<\/p>\n<\/div>\n<\/div>\n<\/div>\n<div>\n<h3>Como escolho a cor?<\/h3>\n<div>\n<div>\n<p>Branco e marfim iluminam quartos pequenos; preto d\u00e1 um ar mais s\u00f3brio. A forma mais segura \u00e9 repetir a cor da cabeceira da cama ou jogar com um \u00fanico contraste.<\/p>\n<\/div>\n<\/div>\n<\/div>\n<\/section>\n<p>Uma boa mesa de cabeceira resolve o quarto sem o encher: altura ao n\u00edvel do colch\u00e3o, pouca pegada no ch\u00e3o e materiais que duram. A Sevilla re\u00fane as tr\u00eas condi\u00e7\u00f5es em ferro forjado fabricado de forma artesanal.<\/p>\n<p>Pode ver a ficha completa na categoria de <a href=\"https:\/\/5milimetros.com\/pt-pt\/mesas-de-cabeceira-em-ferro-forjado\/\">mesas de cabeceira em ferro forjado<\/a>. Se procura uma medida ou uma cor diferente, escreva-nos e estudamos o fabrico.<\/p>\n<aside style=\"margin: 2.5rem 0 0; padding: 1.25rem; border: 1px solid #E2D9C9; border-radius: 8px; background: #F9F6F1; display: flex; gap: 1rem; align-items: flex-start; flex-wrap: wrap;\">\n<div style=\"flex: 0 0 60px; width: 60px; height: 60px; border-radius: 50%; background: #1F1B16; color: #ffffff; display: flex; align-items: center; justify-content: center; font-weight: bold; font-size: 1.05rem;\" aria-hidden=\"true\">5mm<\/div>\n<div style=\"flex: 1 1 260px;\">\n<p style=\"margin: 0 0 .1rem; font-size: .8em; letter-spacing: .05em; text-transform: uppercase; color: #b0894f;\">Sobre o autor<\/p>\n<p style=\"margin: 0; font-weight: bold;\"><a style=\"color: inherit; text-decoration: none;\" href=\"https:\/\/5milimetros.com\/pt-pt\/\">5mil\u00edmetros<\/a><\/p>\n<p style=\"margin: .1rem 0 .5rem; color: #6b6258; font-size: .9em;\">Oficina de ferro forjado artesanal \u00b7 Fabrico \u00e0 m\u00e3o em Espanha<\/p>\n<p style=\"margin: 0; font-size: .95em;\">A 5mil\u00edmetros \u00e9 uma oficina de mobili\u00e1rio e decora\u00e7\u00e3o em ferro forjado artesanal fabricado \u00e0 m\u00e3o em Espanha: mesas, cadeiras, cabeceiras, lanternas, espelhos e consolas de ferro e lat\u00e3o com acabamento de pintura ao forno. Estes guias s\u00e3o elaborados pela equipa da oficina a partir da sua experi\u00eancia di\u00e1ria em fabrico, materiais e montagem das pe\u00e7as.<\/p>\n<\/div>\n<\/aside>\n<p><script type=\"application\/ld+json\">{\"@context\":\"https:\/\/schema.org\",\"@type\":\"FAQPage\",\"mainEntity\":[{\"@type\":\"Question\",\"name\":\"Qual deve ser a altura de uma mesa de cabeceira?\",\"acceptedAnswer\":{\"@type\":\"Answer\",\"text\":\"Ao n\u00edvel do colch\u00e3o ou ligeiramente acima, para alcan\u00e7ar o candeeiro ou o telem\u00f3vel sem esfor\u00e7o. A mesa Sevilla mede 60 cm de altura, dentro da faixa das camas correntes.\"}},{\"@type\":\"Question\",\"name\":\"Uma mesa de cabeceira redonda cabe num quarto pequeno?\",\"acceptedAnswer\":{\"@type\":\"Answer\",\"text\":\"Sim, e costuma ser a melhor op\u00e7\u00e3o. Com 38 cm de di\u00e2metro e estrutura aberta, a Sevilla cabe junto \u00e0 cama onde uma mesa com gavetas n\u00e3o entra, e deixa passar a luz.\"}},{\"@type\":\"Question\",\"name\":\"O tampo de vidro \u00e9 pr\u00e1tico no dia a dia?\",\"acceptedAnswer\":{\"@type\":\"Answer\",\"text\":\"Sim. O vidro est\u00e1 encaixado num aro de ferro, limpa-se com um pano e n\u00e3o acumula manchas. A estrutura de tr\u00eas p\u00e9s abre-se na base para dar estabilidade ao conjunto.\"}},{\"@type\":\"Question\",\"name\":\"Posso usar a mesa fora do quarto?\",\"acceptedAnswer\":{\"@type\":\"Answer\",\"text\":\"Sim. Pelo seu formato, tamb\u00e9m funciona como mesa de apoio num canto de leitura, numa entrada ou numa varanda coberta, gra\u00e7as ao acabamento de pintura com secagem ao forno.\"}},{\"@type\":\"Question\",\"name\":\"Como escolho a cor?\",\"acceptedAnswer\":{\"@type\":\"Answer\",\"text\":\"Branco e marfim iluminam quartos pequenos; preto d\u00e1 um ar mais s\u00f3brio. A forma mais segura \u00e9 repetir a cor da cabeceira da cama ou jogar com um \u00fanico contraste.\"}}]}<\/script><br \/>\n<\/article>\n","protected":false},"excerpt":{"rendered":"<p>Altura, medida e material: o essencial para escolher a mesa de cabeceira.<\/p>\n","protected":false},"author":3,"featured_media":3075,"comment_status":"closed","ping_status":"closed","sticky":false,"template":"","format":"standard","meta":{"footnotes":""},"categories":[210],"tags":[],"class_list":["post-3092","post","type-post","status-publish","format-standard","has-post-thumbnail","hentry","category-blog-quarto","has-featured"],"_links":{"self":[{"href":"https:\/\/5milimetros.com\/pt-pt\/wp-json\/wp\/v2\/posts\/3092","targetHints":{"allow":["GET"]}}],"collection":[{"href":"https:\/\/5milimetros.com\/pt-pt\/wp-json\/wp\/v2\/posts"}],"about":[{"href":"https:\/\/5milimetros.com\/pt-pt\/wp-json\/wp\/v2\/types\/post"}],"author":[{"embeddable":true,"href":"https:\/\/5milimetros.com\/pt-pt\/wp-json\/wp\/v2\/users\/3"}],"replies":[{"embeddable":true,"href":"https:\/\/5milimetros.com\/pt-pt\/wp-json\/wp\/v2\/comments?post=3092"}],"version-history":[{"count":2,"href":"https:\/\/5milimetros.com\/pt-pt\/wp-json\/wp\/v2\/posts\/3092\/revisions"}],"predecessor-version":[{"id":3120,"href":"https:\/\/5milimetros.com\/pt-pt\/wp-json\/wp\/v2\/posts\/3092\/revisions\/3120"}],"wp:featuredmedia":[{"embeddable":true,"href":"https:\/\/5milimetros.com\/pt-pt\/wp-json\/wp\/v2\/media\/3075"}],"wp:attachment":[{"href":"https:\/\/5milimetros.com\/pt-pt\/wp-json\/wp\/v2\/media?parent=3092"}],"wp:term":[{"taxonomy":"category","embeddable":true,"href":"https:\/\/5milimetros.com\/pt-pt\/wp-json\/wp\/v2\/categories?post=3092"},{"taxonomy":"post_tag","embeddable":true,"href":"https:\/\/5milimetros.com\/pt-pt\/wp-json\/wp\/v2\/tags?post=3092"}],"curies":[{"name":"wp","href":"https:\/\/api.w.org\/{rel}","templated":true}]}}