{"id":3094,"date":"2026-08-28T12:38:04","date_gmt":"2026-08-28T10:38:04","guid":{"rendered":"https:\/\/5milimetros.com\/cabeceira-de-cama-como-escolher\/"},"modified":"2026-08-28T14:07:36","modified_gmt":"2026-08-28T12:07:36","slug":"cabeceira-de-cama-medidas-e-estilos","status":"publish","type":"post","link":"https:\/\/5milimetros.com\/pt-pt\/cabeceira-de-cama-medidas-e-estilos\/","title":{"rendered":"Cabeceira de cama em ferro forjado: medidas, alturas e estilos"},"content":{"rendered":"<article lang=\"pt-PT\">A cabeceira de cama define o quarto mais do que qualquer outra pe\u00e7a: marca o estilo, protege a parede e d\u00e1 escala \u00e0 cama. Para acertar, h\u00e1 tr\u00eas decis\u00f5es: a medida face ao colch\u00e3o, a altura e o estilo.<\/p>\n<p>Este guia explica as tr\u00eas, com as regras pr\u00e1ticas que usamos na oficina, e apresenta as quatro cabeceiras de ferro forjado que fabricamos por medida.<\/p>\n<section aria-labelledby=\"h-medida\">\n<h2 id=\"h-medida\">A medida certa: fabricada para o seu colch\u00e3o<\/h2>\n<p>Uma cabeceira deve ser um pouco mais larga do que o colch\u00e3o \u2014 nos nossos modelos, entre <strong>7 e 10 cm no total<\/strong> \u2014 para enquadrar a cama sem parecer curta.<\/p>\n<p>Por isso n\u00e3o vendemos medidas soltas: cada cabeceira \u00e9 <strong>fabricada segundo o seu colch\u00e3o<\/strong>, desde 90 cm at\u00e9 200 cm (o modelo Teruel, at\u00e9 180 cm). Escolhe a medida do colch\u00e3o na ficha e a cabeceira chega \u00e0 medida certa.<\/p>\n<\/section>\n<section aria-labelledby=\"h-altura\">\n<h2 id=\"h-altura\">A altura: de 116 a 130 cm<\/h2>\n<p>A altura total das nossas cabeceiras vai de <strong>116 a 130 cm<\/strong>, medidos do ch\u00e3o. Uma cabeceira mais alta ganha presen\u00e7a e cobre mais parede; uma mais baixa mant\u00e9m o quarto visualmente leve.<\/p>\n<p>O moderno Sevilla \u00e9 o mais contido, com 116 cm. O cl\u00e1ssico Madrid fica nos 126 cm, e o Aracena e o Teruel chegam aos 130 cm.<\/p>\n<\/section>\n<section aria-labelledby=\"h-estilo\">\n<h2 id=\"h-estilo\">Do cl\u00e1ssico ao corte a laser<\/h2>\n<p>O <strong>Madrid<\/strong> representa o ferro forjado cl\u00e1ssico: barras horizontais com ornamentos de fundi\u00e7\u00e3o e filigrana central. O <strong>Teruel<\/strong>, de ar r\u00fastico, leva barras verticais com roseta decorativa. O <strong>Aracena<\/strong> joga com volutas sim\u00e9tricas e um aro central que deixa a parede respirar.<\/p>\n<p>No extremo oposto, o <strong>Sevilla<\/strong> \u00e9 a op\u00e7\u00e3o moderna: um painel de chapa met\u00e1lica <strong>cortado a laser<\/strong> com design geom\u00e9trico assim\u00e9trico.<\/p>\n<\/section>\n<section aria-labelledby=\"h-material\">\n<h2 id=\"h-material\">Ferro forjado: d\u00e9cadas sem manuten\u00e7\u00e3o<\/h2>\n<p>Todas as cabeceiras s\u00e3o fabricadas de forma artesanal em ferro, com acabamento de <strong>pintura com secagem ao forno<\/strong> que fixa a cor ao metal e protege a estrutura durante anos.<\/p>\n<p>Ao contr\u00e1rio de uma cabeceira estofada, o ferro <strong>n\u00e3o acumula \u00e1caros<\/strong>: limpa-se com um pano h\u00famido e n\u00e3o precisa de mais cuidados. Se preferir o brilho do lat\u00e3o, veja tamb\u00e9m as <a href=\"https:\/\/5milimetros.com\/pt-pt\/cabeceiras-de-cama-em-latao\/\">cabeceiras de cama em lat\u00e3o<\/a>.<\/p>\n<\/section>\n<section aria-labelledby=\"h-modelos\">\n<h2 id=\"h-modelos\">As nossas cabeceiras de cama em ferro forjado<\/h2>\n<p>Quatro modelos, todos fabricados segundo a medida do seu colch\u00e3o.<\/p>\n<div style=\"display: flex; flex-wrap: wrap; gap: 1rem; justify-content: center; margin: 1rem 0;\">\n<figure style=\"flex: 0 1 200px; max-width: 200px; margin: 0; text-align: center;\"><a href=\"https:\/\/5milimetros.com\/pt-pt\/cabeceira-de-cama-aracena\/\"><img decoding=\"async\" style=\"display: block; width: 100%; height: auto; border-radius: 6px;\" src=\"https:\/\/5milimetros.com\/wp-content\/uploads\/2026\/02\/Cabecero-de-cama-original-aracena-2.png\" alt=\"Cabeceira de cama Aracena com volutas e aro central\" \/><\/a><figcaption class=\"wp-element-caption\" style=\"font-size: .85em; color: #6b6258; margin-top: .3rem;\">Cabeceira Aracena<\/figcaption><\/figure>\n<figure style=\"flex: 0 1 200px; max-width: 200px; margin: 0; text-align: center;\"><a href=\"https:\/\/5milimetros.com\/pt-pt\/cabeceira-de-ferro-forjado-sevilla\/\"><img decoding=\"async\" style=\"display: block; width: 100%; height: auto; border-radius: 6px;\" src=\"https:\/\/5milimetros.com\/wp-content\/uploads\/2026\/01\/cabecero_forja_moderno_sevilla_blanco.png\" alt=\"Cabeceira moderna Sevilla com painel cortado a laser\" \/><\/a><figcaption class=\"wp-element-caption\" style=\"font-size: .85em; color: #6b6258; margin-top: .3rem;\">Cabeceira Sevilla<\/figcaption><\/figure>\n<figure style=\"flex: 0 1 200px; max-width: 200px; margin: 0; text-align: center;\"><a href=\"https:\/\/5milimetros.com\/pt-pt\/cabeceira-de-ferro-forjado-madrid\/\"><img decoding=\"async\" style=\"display: block; width: 100%; height: auto; border-radius: 6px;\" src=\"https:\/\/5milimetros.com\/wp-content\/uploads\/2026\/02\/cabecero_forja_blanco_Madrid.png\" alt=\"Cabeceira cl\u00e1ssica Madrid em ferro forjado branco\" \/><\/a><figcaption class=\"wp-element-caption\" style=\"font-size: .85em; color: #6b6258; margin-top: .3rem;\">Cabeceira Madrid<\/figcaption><\/figure>\n<figure style=\"flex: 0 1 200px; max-width: 200px; margin: 0; text-align: center;\"><a href=\"https:\/\/5milimetros.com\/pt-pt\/cabeceira-de-ferro-forjado-teruel\/\"><img decoding=\"async\" style=\"display: block; width: 100%; height: auto; border-radius: 6px;\" src=\"https:\/\/5milimetros.com\/wp-content\/uploads\/2026\/01\/cabecero-forja-altana.png\" alt=\"Cabeceira r\u00fastica Teruel em ferro forjado\" \/><\/a><figcaption class=\"wp-element-caption\" style=\"font-size: .85em; color: #6b6258; margin-top: .3rem;\">Cabeceira Teruel<\/figcaption><\/figure>\n<\/div>\n<figure class=\"wp-block-table\" style=\"overflow-x: auto; margin: 1.5rem 0;\">\n<table style=\"width: 100%; border-collapse: collapse;\">\n<caption style=\"caption-side: top; text-align: left; font-weight: bold; margin-bottom: .5rem;\">Estilo, altura, medidas de colch\u00e3o, pre\u00e7o e cores das quatro cabeceiras<\/caption>\n<thead>\n<tr>\n<th style=\"background: #1F1B16; color: #ffffff; text-align: left; padding: .55rem .7rem; border: 1px solid #1F1B16;\" scope=\"col\">Modelo<\/th>\n<th style=\"background: #1F1B16; color: #ffffff; text-align: left; padding: .55rem .7rem; border: 1px solid #1F1B16;\" scope=\"col\">Estilo<\/th>\n<th style=\"background: #1F1B16; color: #ffffff; text-align: left; padding: .55rem .7rem; border: 1px solid #1F1B16;\" scope=\"col\">Altura<\/th>\n<th style=\"background: #1F1B16; color: #ffffff; text-align: left; padding: .55rem .7rem; border: 1px solid #1F1B16;\" scope=\"col\">Colch\u00f5es<\/th>\n<th style=\"background: #1F1B16; color: #ffffff; text-align: left; padding: .55rem .7rem; border: 1px solid #1F1B16;\" scope=\"col\">Pre\u00e7o desde*<\/th>\n<th style=\"background: #1F1B16; color: #ffffff; text-align: left; padding: .55rem .7rem; border: 1px solid #1F1B16;\" scope=\"col\">Cores<\/th>\n<\/tr>\n<\/thead>\n<tbody>\n<tr>\n<th style=\"padding: .55rem .7rem; border: 1px solid #E2D9C9; vertical-align: top; text-align: left;\" scope=\"row\"><a href=\"https:\/\/5milimetros.com\/pt-pt\/cabeceira-de-cama-aracena\/\">Aracena<\/a><\/th>\n<td style=\"padding: .55rem .7rem; border: 1px solid #E2D9C9; vertical-align: top;\">Volutas e aro central<\/td>\n<td style=\"padding: .55rem .7rem; border: 1px solid #E2D9C9; vertical-align: top;\">130 cm<\/td>\n<td style=\"padding: .55rem .7rem; border: 1px solid #E2D9C9; vertical-align: top;\">90 a 200 cm<\/td>\n<td style=\"padding: .55rem .7rem; border: 1px solid #E2D9C9; vertical-align: top;\">72 \u20ac<\/td>\n<td style=\"padding: .55rem .7rem; border: 1px solid #E2D9C9; vertical-align: top;\">Branco, marfim, preto<\/td>\n<\/tr>\n<tr style=\"background: #F4EFE7;\">\n<th style=\"padding: .55rem .7rem; border: 1px solid #E2D9C9; vertical-align: top; text-align: left;\" scope=\"row\"><a href=\"https:\/\/5milimetros.com\/pt-pt\/cabeceira-de-ferro-forjado-teruel\/\">Teruel<\/a><\/th>\n<td style=\"padding: .55rem .7rem; border: 1px solid #E2D9C9; vertical-align: top;\">R\u00fastico com roseta<\/td>\n<td style=\"padding: .55rem .7rem; border: 1px solid #E2D9C9; vertical-align: top;\">130 cm<\/td>\n<td style=\"padding: .55rem .7rem; border: 1px solid #E2D9C9; vertical-align: top;\">90 a 180 cm<\/td>\n<td style=\"padding: .55rem .7rem; border: 1px solid #E2D9C9; vertical-align: top;\">78 \u20ac<\/td>\n<td style=\"padding: .55rem .7rem; border: 1px solid #E2D9C9; vertical-align: top;\">Branco, marfim, preto<\/td>\n<\/tr>\n<tr>\n<th style=\"padding: .55rem .7rem; border: 1px solid #E2D9C9; vertical-align: top; text-align: left;\" scope=\"row\"><a href=\"https:\/\/5milimetros.com\/pt-pt\/cabeceira-de-ferro-forjado-madrid\/\">Madrid<\/a><\/th>\n<td style=\"padding: .55rem .7rem; border: 1px solid #E2D9C9; vertical-align: top;\">Cl\u00e1ssico com filigrana<\/td>\n<td style=\"padding: .55rem .7rem; border: 1px solid #E2D9C9; vertical-align: top;\">126 cm<\/td>\n<td style=\"padding: .55rem .7rem; border: 1px solid #E2D9C9; vertical-align: top;\">90 a 200 cm<\/td>\n<td style=\"padding: .55rem .7rem; border: 1px solid #E2D9C9; vertical-align: top;\">90 \u20ac<\/td>\n<td style=\"padding: .55rem .7rem; border: 1px solid #E2D9C9; vertical-align: top;\">Branco, marfim, preto<\/td>\n<\/tr>\n<tr style=\"background: #F4EFE7;\">\n<th style=\"padding: .55rem .7rem; border: 1px solid #E2D9C9; vertical-align: top; text-align: left;\" scope=\"row\"><a href=\"https:\/\/5milimetros.com\/pt-pt\/cabeceira-de-ferro-forjado-sevilla\/\">Sevilla<\/a><\/th>\n<td style=\"padding: .55rem .7rem; border: 1px solid #E2D9C9; vertical-align: top;\">Moderno, corte a laser<\/td>\n<td style=\"padding: .55rem .7rem; border: 1px solid #E2D9C9; vertical-align: top;\">116 cm<\/td>\n<td style=\"padding: .55rem .7rem; border: 1px solid #E2D9C9; vertical-align: top;\">90 a 200 cm<\/td>\n<td style=\"padding: .55rem .7rem; border: 1px solid #E2D9C9; vertical-align: top;\">264 \u20ac<\/td>\n<td style=\"padding: .55rem .7rem; border: 1px solid #E2D9C9; vertical-align: top;\">Branco, preto<\/td>\n<\/tr>\n<\/tbody>\n<\/table>\n<\/figure>\n<p style=\"font-size: .9em; color: #6b6258; margin-top: -.5rem;\">*Pre\u00e7os orientativos \u00e0 data de publica\u00e7\u00e3o deste artigo. Para o pre\u00e7o e a disponibilidade atuais, consulte cada ficha de produto.<\/p>\n<\/section>\n<section aria-labelledby=\"h-faq\">\n<h2 id=\"h-faq\">Perguntas frequentes sobre cabeceiras de cama<\/h2>\n<div>\n<h3>Que largura deve ter a cabeceira face ao colch\u00e3o?<\/h3>\n<div>\n<div>\n<p>Um pouco mais larga do que o colch\u00e3o: nos nossos modelos, entre 7 e 10 cm no total. Cada cabeceira \u00e9 fabricada segundo a medida do colch\u00e3o, de 90 a 200 cm.<\/p>\n<\/div>\n<\/div>\n<\/div>\n<div>\n<h3>Qual \u00e9 a altura ideal de uma cabeceira?<\/h3>\n<div>\n<div>\n<p>As nossas v\u00e3o de 116 a 130 cm do ch\u00e3o. Mais alta, ganha presen\u00e7a e cobre mais parede; mais baixa, mant\u00e9m o quarto leve. O moderno Sevilla mede 116 cm e o r\u00fastico Teruel chega aos 130 cm.<\/p>\n<\/div>\n<\/div>\n<\/div>\n<div>\n<h3>Uma cabeceira de ferro \u00e9 fria para o quarto?<\/h3>\n<div>\n<div>\n<p>A estrutura aberta deixa ver a parede e combina bem com t\u00eaxteis, madeira e cores quentes. E tem uma vantagem pr\u00e1tica: n\u00e3o acumula \u00e1caros e limpa-se com um pano h\u00famido.<\/p>\n<\/div>\n<\/div>\n<\/div>\n<div>\n<h3>Como se fixa a cabeceira?<\/h3>\n<div>\n<div>\n<p>Cada ficha de produto indica o formato de entrega e de montagem do modelo. Se tiver d\u00favidas com a sua cama ou o seu estrado, escreva-nos antes de encomendar.<\/p>\n<\/div>\n<\/div>\n<\/div>\n<div>\n<h3>H\u00e1 cabeceiras em lat\u00e3o?<\/h3>\n<div>\n<div>\n<p>Sim. Al\u00e9m do ferro forjado, fabricamos cabeceiras de lat\u00e3o artesanais com acabamento antiqu\u00e1rio ou polido brilhante, para colch\u00f5es de 90 a 180 cm.<\/p>\n<\/div>\n<\/div>\n<\/div>\n<\/section>\n<p>Uma boa cabeceira resolve-se com tr\u00eas n\u00fameros: a medida do colch\u00e3o, a altura e o estilo que combina com o resto do quarto. As quatro que fabricamos cobrem do cl\u00e1ssico ao corte a laser, sempre por medida.<\/p>\n<p>Veja todos os modelos na categoria de <a href=\"https:\/\/5milimetros.com\/pt-pt\/cabeceiras-de-cama-ferro-forjado\/\">cabeceiras de cama em ferro forjado<\/a>. E se est\u00e1 a completar o quarto, no guia da <a href=\"https:\/\/5milimetros.com\/pt-pt\/mesa-de-cabeceira-como-escolher\/\">mesa de cabeceira<\/a> explicamos como escolher a pe\u00e7a que acompanha a cama.<\/p>\n<aside style=\"margin: 2.5rem 0 0; padding: 1.25rem; border: 1px solid #E2D9C9; border-radius: 8px; background: #F9F6F1; display: flex; gap: 1rem; align-items: flex-start; flex-wrap: wrap;\">\n<div style=\"flex: 0 0 60px; width: 60px; height: 60px; border-radius: 50%; background: #1F1B16; color: #ffffff; display: flex; align-items: center; justify-content: center; font-weight: bold; font-size: 1.05rem;\" aria-hidden=\"true\">5mm<\/div>\n<div style=\"flex: 1 1 260px;\">\n<p style=\"margin: 0 0 .1rem; font-size: .8em; letter-spacing: .05em; text-transform: uppercase; color: #b0894f;\">Sobre o autor<\/p>\n<p style=\"margin: 0; font-weight: bold;\"><a style=\"color: inherit; text-decoration: none;\" href=\"https:\/\/5milimetros.com\/pt-pt\/\">5mil\u00edmetros<\/a><\/p>\n<p style=\"margin: .1rem 0 .5rem; color: #6b6258; font-size: .9em;\">Oficina de ferro forjado artesanal \u00b7 Fabrico \u00e0 m\u00e3o em Espanha<\/p>\n<p style=\"margin: 0; font-size: .95em;\">A 5mil\u00edmetros \u00e9 uma oficina de mobili\u00e1rio e decora\u00e7\u00e3o em ferro forjado artesanal fabricado \u00e0 m\u00e3o em Espanha: mesas, cadeiras, cabeceiras, lanternas, espelhos e consolas de ferro e lat\u00e3o com acabamento de pintura ao forno. Estes guias s\u00e3o elaborados pela equipa da oficina a partir da sua experi\u00eancia di\u00e1ria em fabrico, materiais e montagem das pe\u00e7as.<\/p>\n<\/div>\n<\/aside>\n<p><script type=\"application\/ld+json\">{\"@context\":\"https:\/\/schema.org\",\"@type\":\"FAQPage\",\"mainEntity\":[{\"@type\":\"Question\",\"name\":\"Que largura deve ter a cabeceira face ao colch\u00e3o?\",\"acceptedAnswer\":{\"@type\":\"Answer\",\"text\":\"Um pouco mais larga do que o colch\u00e3o: nos nossos modelos, entre 7 e 10 cm no total. Cada cabeceira \u00e9 fabricada segundo a medida do colch\u00e3o, de 90 a 200 cm.\"}},{\"@type\":\"Question\",\"name\":\"Qual \u00e9 a altura ideal de uma cabeceira?\",\"acceptedAnswer\":{\"@type\":\"Answer\",\"text\":\"As nossas v\u00e3o de 116 a 130 cm do ch\u00e3o. Mais alta, ganha presen\u00e7a e cobre mais parede; mais baixa, mant\u00e9m o quarto leve. O moderno Sevilla mede 116 cm e o r\u00fastico Teruel chega aos 130 cm.\"}},{\"@type\":\"Question\",\"name\":\"Uma cabeceira de ferro \u00e9 fria para o quarto?\",\"acceptedAnswer\":{\"@type\":\"Answer\",\"text\":\"A estrutura aberta deixa ver a parede e combina bem com t\u00eaxteis, madeira e cores quentes. E tem uma vantagem pr\u00e1tica: n\u00e3o acumula \u00e1caros e limpa-se com um pano h\u00famido.\"}},{\"@type\":\"Question\",\"name\":\"Como se fixa a cabeceira?\",\"acceptedAnswer\":{\"@type\":\"Answer\",\"text\":\"Cada ficha de produto indica o formato de entrega e de montagem do modelo. Se tiver d\u00favidas com a sua cama ou o seu estrado, escreva-nos antes de encomendar.\"}},{\"@type\":\"Question\",\"name\":\"H\u00e1 cabeceiras em lat\u00e3o?\",\"acceptedAnswer\":{\"@type\":\"Answer\",\"text\":\"Sim. Al\u00e9m do ferro forjado, fabricamos cabeceiras de lat\u00e3o artesanais com acabamento antiqu\u00e1rio ou polido brilhante, para colch\u00f5es de 90 a 180 cm.\"}}]}<\/script><br \/>\n<\/article>\n","protected":false},"excerpt":{"rendered":"<p>Larguras, alturas e estilos das cabeceiras em ferro forjado, com as contas feitas.<\/p>\n","protected":false},"author":3,"featured_media":1447,"comment_status":"closed","ping_status":"closed","sticky":false,"template":"","format":"standard","meta":{"footnotes":""},"categories":[210],"tags":[],"class_list":["post-3094","post","type-post","status-publish","format-standard","has-post-thumbnail","hentry","category-blog-quarto","has-featured"],"_links":{"self":[{"href":"https:\/\/5milimetros.com\/pt-pt\/wp-json\/wp\/v2\/posts\/3094","targetHints":{"allow":["GET"]}}],"collection":[{"href":"https:\/\/5milimetros.com\/pt-pt\/wp-json\/wp\/v2\/posts"}],"about":[{"href":"https:\/\/5milimetros.com\/pt-pt\/wp-json\/wp\/v2\/types\/post"}],"author":[{"embeddable":true,"href":"https:\/\/5milimetros.com\/pt-pt\/wp-json\/wp\/v2\/users\/3"}],"replies":[{"embeddable":true,"href":"https:\/\/5milimetros.com\/pt-pt\/wp-json\/wp\/v2\/comments?post=3094"}],"version-history":[{"count":3,"href":"https:\/\/5milimetros.com\/pt-pt\/wp-json\/wp\/v2\/posts\/3094\/revisions"}],"predecessor-version":[{"id":3121,"href":"https:\/\/5milimetros.com\/pt-pt\/wp-json\/wp\/v2\/posts\/3094\/revisions\/3121"}],"wp:featuredmedia":[{"embeddable":true,"href":"https:\/\/5milimetros.com\/pt-pt\/wp-json\/wp\/v2\/media\/1447"}],"wp:attachment":[{"href":"https:\/\/5milimetros.com\/pt-pt\/wp-json\/wp\/v2\/media?parent=3094"}],"wp:term":[{"taxonomy":"category","embeddable":true,"href":"https:\/\/5milimetros.com\/pt-pt\/wp-json\/wp\/v2\/categories?post=3094"},{"taxonomy":"post_tag","embeddable":true,"href":"https:\/\/5milimetros.com\/pt-pt\/wp-json\/wp\/v2\/tags?post=3094"}],"curies":[{"name":"wp","href":"https:\/\/api.w.org\/{rel}","templated":true}]}}