{"id":3128,"date":"2026-08-28T14:25:43","date_gmt":"2026-08-28T12:25:43","guid":{"rendered":"https:\/\/5milimetros.com\/mesa-de-centro-elevatoria-duas-alturas\/"},"modified":"2026-08-28T14:25:43","modified_gmt":"2026-08-28T12:25:43","slug":"mesa-de-centro-elevatoria-duas-alturas","status":"publish","type":"post","link":"https:\/\/5milimetros.com\/pt-pt\/mesa-de-centro-elevatoria-duas-alturas\/","title":{"rendered":"Mesa de centro elevat\u00f3ria: uma mesa, duas alturas"},"content":{"rendered":"<article lang=\"pt-PT\">\n<p>Numa sala pequena, cada m\u00f3vel tem de merecer o seu lugar. A mesa de centro elevat\u00f3ria resolve dois m\u00f3veis num s\u00f3: mesa de centro em frente ao sof\u00e1 durante o dia, mesa de jantar ou de trabalho quando \u00e9 preciso.<\/p>\n<p>Este guia explica como funciona o sistema elevat\u00f3rio, que medida escolher e apresenta os quatro modelos que fabricamos em ferro.<\/p>\n<section aria-labelledby=\"h-como\">\n<h2 id=\"h-como\">Duas alturas na mesma mesa<\/h2>\n<p>O sistema elevat\u00f3rio tem duas posi\u00e7\u00f5es. A <strong>50 cm<\/strong>, a mesa fica \u00e0 altura de uma mesa de centro. A <strong>70 cm<\/strong>, sobe at\u00e9 \u00e0 altura de uma mesa de jantar. A mudan\u00e7a faz-se sem ferramentas: o mecanismo faz parte da estrutura e est\u00e1 pensado para uso di\u00e1rio.<\/p>\n<\/section>\n<section aria-labelledby=\"h-medidas\">\n<h2 id=\"h-medidas\">A medida certa para a sua sala<\/h2>\n<p>Cada modelo fabrica-se em <strong>sete medidas<\/strong>, de <strong>100 \u00d7 60 cm<\/strong> a <strong>150 \u00d7 90 cm<\/strong>. Antes de escolher, me\u00e7a o espa\u00e7o entre o sof\u00e1 e a parede e deixe passagem livre \u00e0 volta. As medidas pequenas servem salas ajustadas; as de 140 \u00d7 80 e 150 \u00d7 90 cm d\u00e3o mesa a uma fam\u00edlia inteira.<\/p>\n<\/section>\n<section aria-labelledby=\"h-modelos\">\n<h2 id=\"h-modelos\">Os quatro modelos<\/h2>\n<p>Todos com duas alturas, sete medidas e tr\u00eas acabamentos: branco, marfim e preto.<\/p>\n<figure class=\"wp-block-table\" style=\"overflow-x:auto;margin:1.5rem 0\">\n<table style=\"width:100%;border-collapse:collapse\">\n<caption style=\"caption-side:top;text-align:left;font-weight:700;margin-bottom:.5rem\">Estilo e pre\u00e7o dos quatro modelos de mesa de centro elevat\u00f3ria<\/caption>\n<thead>\n<tr>\n<th style=\"background:#1F1B16;color:#ffffff;text-align:left;padding:.55rem .7rem;border:1px solid #1F1B16\" scope=\"col\">Modelo<\/th>\n<th style=\"background:#1F1B16;color:#ffffff;text-align:left;padding:.55rem .7rem;border:1px solid #1F1B16\" scope=\"col\">Estilo<\/th>\n<th style=\"background:#1F1B16;color:#ffffff;text-align:left;padding:.55rem .7rem;border:1px solid #1F1B16\" scope=\"col\">Pre\u00e7o desde*<\/th>\n<\/tr>\n<\/thead>\n<tbody>\n<tr>\n<th style=\"padding:.55rem .7rem;border:1px solid #E2D9C9;vertical-align:top;text-align:left\" scope=\"row\"><a href=\"https:\/\/5milimetros.com\/pt-pt\/mesa-de-centro-elevavel-alcolea\/\">Alcolea<\/a><\/th>\n<td style=\"padding:.55rem .7rem;border:1px solid #E2D9C9;vertical-align:top\">Colonial-r\u00fastico<\/td>\n<td style=\"padding:.55rem .7rem;border:1px solid #E2D9C9;vertical-align:top\">180 \u20ac<\/td>\n<\/tr>\n<tr style=\"background:#F4EFE7\">\n<th style=\"padding:.55rem .7rem;border:1px solid #E2D9C9;vertical-align:top;text-align:left\" scope=\"row\"><a href=\"https:\/\/5milimetros.com\/pt-pt\/mesa-de-centro-elevavel-grazalema\/\">Grazalema<\/a><\/th>\n<td style=\"padding:.55rem .7rem;border:1px solid #E2D9C9;vertical-align:top\">Linhas retas<\/td>\n<td style=\"padding:.55rem .7rem;border:1px solid #E2D9C9;vertical-align:top\">230 \u20ac<\/td>\n<\/tr>\n<tr>\n<th style=\"padding:.55rem .7rem;border:1px solid #E2D9C9;vertical-align:top;text-align:left\" scope=\"row\"><a href=\"https:\/\/5milimetros.com\/pt-pt\/mesa-de-centro-elevavel-huelva\/\">Huelva<\/a><\/th>\n<td style=\"padding:.55rem .7rem;border:1px solid #E2D9C9;vertical-align:top\">Moderno<\/td>\n<td style=\"padding:.55rem .7rem;border:1px solid #E2D9C9;vertical-align:top\">250 \u20ac<\/td>\n<\/tr>\n<tr style=\"background:#F4EFE7\">\n<th style=\"padding:.55rem .7rem;border:1px solid #E2D9C9;vertical-align:top;text-align:left\" scope=\"row\"><a href=\"https:\/\/5milimetros.com\/pt-pt\/mesa-de-centro-elevavel-sevilla\/\">Sevilla<\/a><\/th>\n<td style=\"padding:.55rem .7rem;border:1px solid #E2D9C9;vertical-align:top\">Simples<\/td>\n<td style=\"padding:.55rem .7rem;border:1px solid #E2D9C9;vertical-align:top\">180 \u20ac<\/td>\n<\/tr>\n<\/tbody>\n<\/table>\n<\/figure>\n<p style=\"font-size:.9em;color:#6B6258;margin-top:-.5rem\">*Pre\u00e7os indicativos \u00e0 data de publica\u00e7\u00e3o deste artigo. Para o pre\u00e7o e a disponibilidade atuais, consulte cada ficha de produto.<\/p>\n<\/section>\n<section aria-labelledby=\"h-faq\">\n<h2 id=\"h-faq\">Perguntas frequentes<\/h2>\n<div>\n<h3>O que \u00e9 uma mesa de centro elevat\u00f3ria?<\/h3>\n<div>\n<p>\u00c9 uma mesa com duas posi\u00e7\u00f5es de altura: a 50 cm funciona como mesa de centro em frente ao sof\u00e1, e a 70 cm sobe at\u00e9 \u00e0 altura de uma mesa de jantar ou de trabalho. A mesma pe\u00e7a cumpre as duas fun\u00e7\u00f5es.<\/p>\n<\/div>\n<\/div>\n<div>\n<h3>Que medidas existem?<\/h3>\n<div>\n<p>Cada modelo fabrica-se em sete medidas, de 100 \u00d7 60 cm at\u00e9 150 \u00d7 90 cm. Para salas pequenas, as medidas de 100 \u00d7 60 e 110 \u00d7 60 cm; para reuni\u00f5es de fam\u00edlia, as de 140 \u00d7 80 e 150 \u00d7 90 cm.<\/p>\n<\/div>\n<\/div>\n<div>\n<h3>De que material s\u00e3o feitas?<\/h3>\n<div>\n<p>De ferro, com acabamento de pintura em branco, marfim ou preto. A estrutura met\u00e1lica est\u00e1 pensada para subir e baixar a mesa todos os dias sem folgas.<\/p>\n<\/div>\n<\/div>\n<\/section>\n<p>Pode ver todos os modelos na categoria de <a href=\"https:\/\/5milimetros.com\/pt-pt\/mesas-de-centro-elevatorias\/\">mesas de centro elevat\u00f3rias<\/a>. Se procura uma medida ou uma cor que n\u00e3o v\u00ea na loja, escreva-nos e estudamos o fabrico.<\/p>\n<aside style=\"margin:2.5rem 0 0;padding:1.25rem;border:1px solid #E2D9C9;border-radius:8px;background:#F9F6F1;display:flex;gap:1rem;align-items:flex-start;flex-wrap:wrap\">\n<div aria-hidden=\"true\" style=\"flex:0 0 60px;width:60px;height:60px;border-radius:50%;background:#1F1B16;color:#ffffff;display:flex;align-items:center;justify-content:center;font-weight:700;font-size:1.05rem\">5mm<\/div>\n<div style=\"flex:1 1 260px\">\n<p style=\"margin:0 0 .1rem;font-size:.8em;letter-spacing:.05em;text-transform:uppercase;color:#B0894F\">Sobre o autor<\/p>\n<p style=\"margin:0;font-weight:700\"><a href=\"https:\/\/5milimetros.com\/pt-pt\/\" style=\"color:inherit;text-decoration:none\">5mil\u00edmetros<\/a><\/p>\n<p style=\"margin:.1rem 0 .5rem;color:#6B6258;font-size:.9em\">Oficina de forja artesanal \u00b7 Fabrico \u00e0 m\u00e3o em Espanha<\/p>\n<p style=\"margin:0;font-size:.95em\">A 5mil\u00edmetros \u00e9 uma oficina de mobili\u00e1rio e decora\u00e7\u00e3o em ferro forjado, fabricado \u00e0 m\u00e3o em Espanha: mesas, cadeiras, cabeceiras, lanternas, espelhos e consolas com acabamento de pintura ao forno. Estes guias s\u00e3o elaborados pela equipa da oficina a partir da sua experi\u00eancia di\u00e1ria no fabrico e montagem das pe\u00e7as.<\/p>\n<\/div>\n<\/aside>\n<p><script type=\"application\/ld+json\">{\"@context\":\"https:\/\/schema.org\",\"@type\":\"FAQPage\",\"mainEntity\":[{\"@type\":\"Question\",\"name\":\"O que \u00e9 uma mesa de centro elevat\u00f3ria?\",\"acceptedAnswer\":{\"@type\":\"Answer\",\"text\":\"\u00c9 uma mesa com duas posi\u00e7\u00f5es de altura: a 50 cm funciona como mesa de centro em frente ao sof\u00e1, e a 70 cm sobe at\u00e9 \u00e0 altura de uma mesa de jantar ou de trabalho. A mesma pe\u00e7a cumpre as duas fun\u00e7\u00f5es.\"}},{\"@type\":\"Question\",\"name\":\"Que medidas existem?\",\"acceptedAnswer\":{\"@type\":\"Answer\",\"text\":\"Cada modelo fabrica-se em sete medidas, de 100 \u00d7 60 cm at\u00e9 150 \u00d7 90 cm. Para salas pequenas, as medidas de 100 \u00d7 60 e 110 \u00d7 60 cm; para reuni\u00f5es de fam\u00edlia, as de 140 \u00d7 80 e 150 \u00d7 90 cm.\"}},{\"@type\":\"Question\",\"name\":\"De que material s\u00e3o feitas?\",\"acceptedAnswer\":{\"@type\":\"Answer\",\"text\":\"De ferro, com acabamento de pintura em branco, marfim ou preto. A estrutura met\u00e1lica est\u00e1 pensada para subir e baixar a mesa todos os dias sem folgas.\"}}]}<\/script><br \/>\n<\/article>\n","protected":false},"excerpt":{"rendered":"<p>Uma mesa que passa de mesa de centro a mesa de jantar em segundos.<\/p>\n","protected":false},"author":3,"featured_media":2760,"comment_status":"closed","ping_status":"closed","sticky":false,"template":"","format":"standard","meta":{"footnotes":""},"categories":[212],"tags":[],"class_list":["post-3128","post","type-post","status-publish","format-standard","has-post-thumbnail","hentry","category-blog-sala","has-featured"],"_links":{"self":[{"href":"https:\/\/5milimetros.com\/pt-pt\/wp-json\/wp\/v2\/posts\/3128","targetHints":{"allow":["GET"]}}],"collection":[{"href":"https:\/\/5milimetros.com\/pt-pt\/wp-json\/wp\/v2\/posts"}],"about":[{"href":"https:\/\/5milimetros.com\/pt-pt\/wp-json\/wp\/v2\/types\/post"}],"author":[{"embeddable":true,"href":"https:\/\/5milimetros.com\/pt-pt\/wp-json\/wp\/v2\/users\/3"}],"replies":[{"embeddable":true,"href":"https:\/\/5milimetros.com\/pt-pt\/wp-json\/wp\/v2\/comments?post=3128"}],"version-history":[{"count":0,"href":"https:\/\/5milimetros.com\/pt-pt\/wp-json\/wp\/v2\/posts\/3128\/revisions"}],"wp:featuredmedia":[{"embeddable":true,"href":"https:\/\/5milimetros.com\/pt-pt\/wp-json\/wp\/v2\/media\/2760"}],"wp:attachment":[{"href":"https:\/\/5milimetros.com\/pt-pt\/wp-json\/wp\/v2\/media?parent=3128"}],"wp:term":[{"taxonomy":"category","embeddable":true,"href":"https:\/\/5milimetros.com\/pt-pt\/wp-json\/wp\/v2\/categories?post=3128"},{"taxonomy":"post_tag","embeddable":true,"href":"https:\/\/5milimetros.com\/pt-pt\/wp-json\/wp\/v2\/tags?post=3128"}],"curies":[{"name":"wp","href":"https:\/\/api.w.org\/{rel}","templated":true}]}}