{"id":142,"count":5,"description":"<section class=\"categoria-valor\" aria-labelledby=\"cabeceiras-fabrico\">\n<p>Cada <strong>cabeceira de cama<\/strong> desta cole\u00e7\u00e3o \u00e9 fabricada de forma artesanal em Espanha, em <strong>ferro forjado<\/strong>. O acabamento \u00e9 aplicado com <strong>pintura com secagem ao forno<\/strong>: um processo que fixa a cor ao metal e protege a estrutura durante anos.<\/p>\n<p>Ao contr\u00e1rio de uma cabeceira estofada, o ferro n\u00e3o acumula \u00e1caros. Limpa-se com um pano h\u00famido e n\u00e3o precisa de mais manuten\u00e7\u00e3o.<\/p>\n<\/section>\n<section class=\"categoria-medidas\" aria-labelledby=\"cabeceiras-medidas\">\n<h2 id=\"cabeceiras-medidas\">\u00c0 medida do seu colch\u00e3o<\/h2>\n<p>Cada modelo \u00e9 fabricado segundo a medida da sua cama: desde colch\u00e3o de <strong>90 cm<\/strong> at\u00e9 <strong>200 cm<\/strong>. As alturas v\u00e3o de 116 a 130 cm, consoante o design.<\/p>\n<p>Os acabamentos dispon\u00edveis s\u00e3o <strong>preto<\/strong>, <strong>branco<\/strong> e <strong>marfim<\/strong>.<\/p>\n<\/section>\n<section class=\"categoria-estilos\" aria-labelledby=\"cabeceiras-estilos\">\n<h2 id=\"cabeceiras-estilos\">Do cl\u00e1ssico ao moderno<\/h2>\n<p>A cole\u00e7\u00e3o abrange dois estilos. A cabeceira cl\u00e1ssica, com <strong>ornamentos de fundi\u00e7\u00e3o<\/strong> e filigrana central de ferro forjado tradicional. E a moderna, com <strong>painel de chapa cortado a laser<\/strong> e design geom\u00e9trico.<\/p>\n<p>Pre\u00e7os desde <strong>72 \u20ac<\/strong> at\u00e9 <strong>414 \u20ac<\/strong>, consoante o modelo e a medida do colch\u00e3o.<\/p>\n<\/section>","link":"https:\/\/5milimetros.com\/pt-pt\/cabeceiras-de-cama-ferro-forjado\/","name":"Cabeceiras de cama em ferro forjado","slug":"cabeceiras-de-cama-ferro-forjado","taxonomy":"product_cat","parent":205,"meta":{"rank_math_title":"Cabeceiras de cama em ferro forjado | 5 Mil\u00edmetros","rank_math_description":"Cabeceiras de cama artesanais em ferro forjado, \u00e0 medida do seu colch\u00e3o (90 a 200 cm) e com pintura com secagem ao forno. De 72 a 414 \u20ac.","rank_math_focus_keyword":"cabeceira de cama"},"menu_order":0,"_links":{"self":[{"href":"https:\/\/5milimetros.com\/pt-pt\/wp-json\/wp\/v2\/product_cat\/142","targetHints":{"allow":["GET"]}}],"collection":[{"href":"https:\/\/5milimetros.com\/pt-pt\/wp-json\/wp\/v2\/product_cat"}],"about":[{"href":"https:\/\/5milimetros.com\/pt-pt\/wp-json\/wp\/v2\/taxonomies\/product_cat"}],"up":[{"embeddable":true,"href":"https:\/\/5milimetros.com\/pt-pt\/wp-json\/wp\/v2\/product_cat\/205"}],"wp:post_type":[{"href":"https:\/\/5milimetros.com\/pt-pt\/wp-json\/wp\/v2\/product?product_cat=142"}],"curies":[{"name":"wp","href":"https:\/\/api.w.org\/{rel}","templated":true}]}}