{"id":143,"count":3,"description":"<section class=\"categoria-valor\" aria-labelledby=\"latao-valor\">\n<p>Cada <strong>cabeceira de lat\u00e3o<\/strong> desta cole\u00e7\u00e3o \u00e9 fabricada artesanalmente em Espanha por <strong>Pe\u00f1a Vargas<\/strong>, com pe\u00e7as de fundi\u00e7\u00e3o decorativas e verniz protetor com secagem ao forno. O lat\u00e3o s\u00f3 precisa de um pano seco para se manter.<\/p>\n<\/section>\n<section class=\"categoria-acabados\" aria-labelledby=\"latao-acabados\">\n<h2 id=\"latao-acabados\">Dois acabamentos de lat\u00e3o<\/h2>\n<p>Diana e Ainhoa levam o acabamento <strong>antiqu\u00e1rio<\/strong>, com efeito envelhecido e ornamentos de lat\u00e3o fundido. Vittoria aposta no <strong>lat\u00e3o maci\u00e7o polido brilhante<\/strong>, com linhas abertas mais leves.<\/p>\n<\/section>\n<section class=\"categoria-medidas\" aria-labelledby=\"latao-medidas\">\n<h2 id=\"latao-medidas\">Medidas e pre\u00e7os<\/h2>\n<p>Cada modelo \u00e9 fabricado segundo o seu colch\u00e3o, desde <strong>90 cm<\/strong> at\u00e9 <strong>180 cm<\/strong>, com alturas de 115 a 135 cm.<\/p>\n<p>Pre\u00e7os desde <strong>860 \u20ac<\/strong> at\u00e9 <strong>1.458 \u20ac<\/strong>, consoante o modelo e a medida.<\/p>\n<\/section>","link":"https:\/\/5milimetros.com\/pt-pt\/cabeceiras-de-cama-em-latao\/","name":"Cabeceiras de cama em lat\u00e3o","slug":"cabeceiras-de-cama-em-latao","taxonomy":"product_cat","parent":205,"meta":{"rank_math_title":"Cabeceiras de cama em lat\u00e3o | 5 Mil\u00edmetros","rank_math_description":"Cabeceiras de lat\u00e3o artesanais de Pe\u00f1a Vargas, em acabamento antiqu\u00e1rio ou polido brilhante, para colch\u00f5es de 90 a 180 cm. De 860 a 1.458 \u20ac.","rank_math_focus_keyword":"cabeceira de lat\u00e3o"},"menu_order":0,"_links":{"self":[{"href":"https:\/\/5milimetros.com\/pt-pt\/wp-json\/wp\/v2\/product_cat\/143","targetHints":{"allow":["GET"]}}],"collection":[{"href":"https:\/\/5milimetros.com\/pt-pt\/wp-json\/wp\/v2\/product_cat"}],"about":[{"href":"https:\/\/5milimetros.com\/pt-pt\/wp-json\/wp\/v2\/taxonomies\/product_cat"}],"up":[{"embeddable":true,"href":"https:\/\/5milimetros.com\/pt-pt\/wp-json\/wp\/v2\/product_cat\/205"}],"wp:post_type":[{"href":"https:\/\/5milimetros.com\/pt-pt\/wp-json\/wp\/v2\/product?product_cat=143"}],"curies":[{"name":"wp","href":"https:\/\/api.w.org\/{rel}","templated":true}]}}