{"id":152,"count":1,"description":"<section class=\"categoria-valor\" aria-labelledby=\"apliques-valor-pt\">\n<p>Os <strong>apliques de parede<\/strong> desta cole\u00e7\u00e3o combinam estrutura de <strong>ferro<\/strong> e <strong>vidro transparente<\/strong>, com uma s\u00f3 luz de casquilho <strong>E-27<\/strong> e porta-l\u00e2mpadas com capa em forma de vela. O acabamento est\u00e1 pensado para resistir \u00e0 intemp\u00e9rie em fachadas, alpendres, p\u00e1tios e varandas.<\/p>\n<\/section>\n<section class=\"categoria-medidas\" aria-labelledby=\"apliques-medidas-pt\">\n<h2 id=\"apliques-medidas-pt\">Tr\u00eas tamanhos<\/h2>\n<p>O aplique M\u00e9rida \u00e9 fabricado em tr\u00eas tamanhos, de <strong>17 \u00d7 28 cm<\/strong> a <strong>29 \u00d7 40 cm<\/strong>, para ajustar a propor\u00e7\u00e3o ao muro ou \u00e0 entrada.<\/p>\n<\/section>\n<section class=\"categoria-precios\" aria-labelledby=\"apliques-precios-pt\">\n<h2 id=\"apliques-precios-pt\">Acabamentos e pre\u00e7os<\/h2>\n<p>Dispon\u00edvel em <strong>preto<\/strong>, <strong>branco<\/strong> e <strong>marfim<\/strong>.<\/p>\n<p>Pre\u00e7os desde <strong>110 \u20ac<\/strong> at\u00e9 <strong>140 \u20ac<\/strong>, consoante o tamanho.<\/p>\n<\/section>","link":"https:\/\/5milimetros.com\/pt-pt\/apliques-de-parede-em-ferro-forjado\/","name":"Apliques de parede em ferro forjado","slug":"apliques-de-parede-em-ferro-forjado","taxonomy":"product_cat","parent":208,"meta":{"rank_math_title":"Apliques de parede em ferro forjado | 5 Mil\u00edmetros","rank_math_description":"Apliques de ferro e vidro transparente com casquilho E-27, em tr\u00eas tamanhos e tr\u00eas acabamentos. Resistem \u00e0 intemp\u00e9rie. De 110 a 140 \u20ac.","rank_math_focus_keyword":"aplique de parede"},"menu_order":0,"_links":{"self":[{"href":"https:\/\/5milimetros.com\/pt-pt\/wp-json\/wp\/v2\/product_cat\/152","targetHints":{"allow":["GET"]}}],"collection":[{"href":"https:\/\/5milimetros.com\/pt-pt\/wp-json\/wp\/v2\/product_cat"}],"about":[{"href":"https:\/\/5milimetros.com\/pt-pt\/wp-json\/wp\/v2\/taxonomies\/product_cat"}],"up":[{"embeddable":true,"href":"https:\/\/5milimetros.com\/pt-pt\/wp-json\/wp\/v2\/product_cat\/208"}],"wp:post_type":[{"href":"https:\/\/5milimetros.com\/pt-pt\/wp-json\/wp\/v2\/product?product_cat=152"}],"curies":[{"name":"wp","href":"https:\/\/api.w.org\/{rel}","templated":true}]}}