{"id":204,"count":7,"description":"<section class=\"categoria-valor\" aria-labelledby=\"cabeceira-mesas-valor\">\r\n<p>As <strong>mesas de cabeceira em ferro forjado<\/strong> desta cole\u00e7\u00e3o resolvem o quarto onde uma mesa de cabeceira com gavetas n\u00e3o cabe: estrutura de <strong>ferro forjado<\/strong> aberta, <strong>tampo de vidro<\/strong> e muito pouca pegada no ch\u00e3o.<\/p>\r\n<\/section>\r\n<section class=\"categoria-formato\" aria-labelledby=\"cabeceira-mesas-formato\">\r\n<h2 id=\"cabeceira-mesas-formato\">Formato leve<\/h2>\r\n<p>A mesa Sevilla mede <strong>38 cm de di\u00e2metro<\/strong> e <strong>60 cm de altura<\/strong>: fica \u00e0 medida do colch\u00e3o e os seus tr\u00eas p\u00e9s abrem-se na base para ganhar estabilidade. Combina de forma natural com camas e <strong>cabeceiras de ferro forjado<\/strong>.<\/p>\r\n<\/section>\r\n<section class=\"categoria-precios\" aria-labelledby=\"cabeceira-mesas-precos\">\r\n<h2 id=\"cabeceira-mesas-precos\">Acabamentos e pre\u00e7os<\/h2>\r\n<p>Dispon\u00edvel em <strong>branco<\/strong>, <strong>marfim<\/strong> e <strong>preto<\/strong>, com pintura com secagem ao forno.<\/p>\r\n<p>Pre\u00e7os desde <strong>110 \u20ac<\/strong> at\u00e9 <strong>120 \u20ac<\/strong>, consoante o acabamento.<\/p>\r\n<\/section>","link":"https:\/\/5milimetros.com\/pt-pt\/mesas-de-cabeceira-em-ferro-forjado\/","name":"Mesas de cabeceira em ferro forjado","slug":"mesas-de-cabeceira-em-ferro-forjado","taxonomy":"product_cat","parent":205,"meta":{"rank_math_title":"Mesas de cabeceira em ferro forjado | 5 Mil\u00edmetros","rank_math_description":"Cinco mesas de cabeceira em ferro forjado feitas \u00e0 m\u00e3o em Sevilha: de apoio, com duas prateleiras de vidro, estreita, alta e pequena. Em branco, marfim e preto.","rank_math_focus_keyword":"mesas de cabeceira em ferro forjado"},"menu_order":0,"_links":{"self":[{"href":"https:\/\/5milimetros.com\/pt-pt\/wp-json\/wp\/v2\/product_cat\/204","targetHints":{"allow":["GET"]}}],"collection":[{"href":"https:\/\/5milimetros.com\/pt-pt\/wp-json\/wp\/v2\/product_cat"}],"about":[{"href":"https:\/\/5milimetros.com\/pt-pt\/wp-json\/wp\/v2\/taxonomies\/product_cat"}],"up":[{"embeddable":true,"href":"https:\/\/5milimetros.com\/pt-pt\/wp-json\/wp\/v2\/product_cat\/205"}],"wp:post_type":[{"href":"https:\/\/5milimetros.com\/pt-pt\/wp-json\/wp\/v2\/product?product_cat=204"}],"curies":[{"name":"wp","href":"https:\/\/api.w.org\/{rel}","templated":true}]}}