{"id":209,"count":2,"description":"<section class=\"categoria-valor\" aria-labelledby=\"jardim-valor\">\r\n<p>M\u00f3veis de <strong>alum\u00ednio fundido<\/strong> para viver \u00e0 intemp\u00e9rie: suportam o sol e a humidade, e o acabamento de <strong>pintura em p\u00f3 ao forno<\/strong> protege a cor face ao clima.<\/p>\r\n<\/section>\r\n<section class=\"categoria-conjuntos\" aria-labelledby=\"jardim-conjuntos\">\r\n<h2 id=\"jardim-conjuntos\">Conjuntos para varanda e jardim<\/h2>\r\n<p>A mesa <strong>Teide-Marbella<\/strong> (\u00d8 90 ou 105 cm) faz conjunto com os cadeir\u00f5es <strong>Zahara<\/strong>; a mesa <strong>Triana<\/strong> combina com as suas cadeiras de grelha. Tudo dispon\u00edvel em <strong>azul<\/strong>, <strong>branco<\/strong>, <strong>preto<\/strong> e <strong>verde<\/strong>.<\/p>\r\n<\/section>\r\n<section class=\"categoria-precios\" aria-labelledby=\"jardim-precos\">\r\n<h2 id=\"jardim-precos\">Pre\u00e7os orientativos<\/h2>\r\n<p>Desde <strong>150 \u20ac<\/strong> (cadeira Triana) at\u00e9 <strong>555 \u20ac<\/strong> (mesa Teide-Marbella grande).<\/p>\r\n<\/section>","link":"https:\/\/5milimetros.com\/pt-pt\/jardim-exterior\/","name":"Jardim Exterior","slug":"jardim-exterior","taxonomy":"product_cat","parent":0,"meta":{"rank_math_title":"Jardim Exterior | 5 Mil\u00edmetros","rank_math_description":"Conjuntos de mesa e cadeir\u00f5es de alum\u00ednio fundido que vivem \u00e0 intemp\u00e9rie. Em azul, branco, preto e verde, de 150 a 555 \u20ac.","rank_math_focus_keyword":""},"menu_order":0,"_links":{"self":[{"href":"https:\/\/5milimetros.com\/pt-pt\/wp-json\/wp\/v2\/product_cat\/209","targetHints":{"allow":["GET"]}}],"collection":[{"href":"https:\/\/5milimetros.com\/pt-pt\/wp-json\/wp\/v2\/product_cat"}],"about":[{"href":"https:\/\/5milimetros.com\/pt-pt\/wp-json\/wp\/v2\/taxonomies\/product_cat"}],"wp:post_type":[{"href":"https:\/\/5milimetros.com\/pt-pt\/wp-json\/wp\/v2\/product?product_cat=209"}],"curies":[{"name":"wp","href":"https:\/\/api.w.org\/{rel}","templated":true}]}}